{"id":8827,"date":"2025-05-07T18:06:34","date_gmt":"2025-05-07T15:06:34","guid":{"rendered":"https:\/\/www.retros-gallery.com\/?p=8827"},"modified":"2025-06-12T20:16:15","modified_gmt":"2025-06-12T17:16:15","slug":"culoare-design-interior","status":"publish","type":"post","link":"https:\/\/www.retros-gallery.com\/ro\/culoare-design-interior\/","title":{"rendered":"Cum folosim culoarea \u00een designul interior: de la atmosfer\u0103 la personalitate"},"content":{"rendered":"<div data-elementor-type=\"wp-post\" data-elementor-id=\"8827\" class=\"elementor elementor-8827\" data-elementor-post-type=\"post\">\n\t\t\t\t\t\t<section class=\"has_eae_slider elementor-section elementor-top-section elementor-element elementor-element-fbecd75 elementor-section-height-min-height elementor-section-boxed elementor-section-height-default elementor-section-items-middle\" data-eae-slider=\"30572\" data-id=\"fbecd75\" data-element_type=\"section\" data-settings=\"{&quot;background_background&quot;:&quot;classic&quot;}\">\n\t\t\t\t\t\t<div class=\"elementor-container elementor-column-gap-default\">\n\t\t\t\t\t<div class=\"has_eae_slider elementor-column elementor-col-100 elementor-top-column elementor-element elementor-element-4fa4cdc\" data-eae-slider=\"90741\" data-id=\"4fa4cdc\" data-element_type=\"column\">\n\t\t\t<div class=\"elementor-widget-wrap\">\n\t\t\t\t\t\t\t<\/div>\n\t\t<\/div>\n\t\t\t\t\t<\/div>\n\t\t<\/section>\n\t\t\t\t<section class=\"has_eae_slider elementor-section elementor-top-section elementor-element elementor-element-1a4c716 elementor-section-boxed elementor-section-height-default elementor-section-height-default\" data-eae-slider=\"53817\" data-id=\"1a4c716\" data-element_type=\"section\">\n\t\t\t\t\t\t<div class=\"elementor-container elementor-column-gap-default\">\n\t\t\t\t\t<div class=\"has_eae_slider elementor-column elementor-col-100 elementor-top-column elementor-element elementor-element-35150dc\" data-eae-slider=\"48698\" data-id=\"35150dc\" data-element_type=\"column\">\n\t\t\t<div class=\"elementor-widget-wrap elementor-element-populated\">\n\t\t\t\t\t\t<div class=\"elementor-element elementor-element-3739fb8 elementor-widget elementor-widget-heading\" data-id=\"3739fb8\" data-element_type=\"widget\" data-widget_type=\"heading.default\">\n\t\t\t\t<div class=\"elementor-widget-container\">\n\t\t\t\t\t<h1 class=\"elementor-heading-title elementor-size-default\">Cum folosim culoarea \u00een designul interior: de la atmosfer\u0103 la personalitate<\/h1>\t\t\t\t<\/div>\n\t\t\t\t<\/div>\n\t\t\t\t<div class=\"elementor-element elementor-element-b925617 elementor-widget elementor-widget-text-editor\" data-id=\"b925617\" data-element_type=\"widget\" data-widget_type=\"text-editor.default\">\n\t\t\t\t<div class=\"elementor-widget-container\">\n\t\t\t\t\t\t\t\t\t<p class=\"translation-block\" data-start=\"636\" data-end=\"840\">Culoarea este unul dintre cele mai puternice elemente \u00een designul interior. Ea modeleaz\u0103 atmosfera, define\u0219te stilul \u0219i adaug\u0103 suflet unui spa\u021biu. F\u0103r\u0103 culoare, o \u00eenc\u0103pere poate p\u0103rea func\u021bional\u0103, dar lipsit\u0103 de emo\u021bie \u2013 ca o poveste neterminat\u0103.<\/p><p class=\"\" data-start=\"842\" data-end=\"966\">\u00cen acest articol, explor\u0103m cum alegerea culorii \u00een amenaj\u0103ri interioare poate reflecta starea de spirit, personalitatea \u0219i coeren\u021ba vizual\u0103.<\/p>\t\t\t\t\t\t\t\t<\/div>\n\t\t\t\t<\/div>\n\t\t\t\t\t<\/div>\n\t\t<\/div>\n\t\t\t\t\t<\/div>\n\t\t<\/section>\n\t\t\t\t<section class=\"has_eae_slider elementor-section elementor-top-section elementor-element elementor-element-4a01b7f elementor-section-boxed elementor-section-height-default elementor-section-height-default\" data-eae-slider=\"93469\" data-id=\"4a01b7f\" data-element_type=\"section\">\n\t\t\t\t\t\t<div class=\"elementor-container elementor-column-gap-default\">\n\t\t\t\t\t<div class=\"has_eae_slider elementor-column elementor-col-50 elementor-top-column elementor-element elementor-element-ff606eb\" data-eae-slider=\"25816\" data-id=\"ff606eb\" data-element_type=\"column\">\n\t\t\t<div class=\"elementor-widget-wrap elementor-element-populated\">\n\t\t\t\t\t\t<div class=\"elementor-element elementor-element-9460207 elementor-widget elementor-widget-image\" data-id=\"9460207\" data-element_type=\"widget\" data-widget_type=\"image.default\">\n\t\t\t\t<div class=\"elementor-widget-container\">\n\t\t\t\t\t\t\t\t\t\t\t\t\t\t\t<img fetchpriority=\"high\" decoding=\"async\" width=\"1080\" height=\"1080\" src=\"https:\/\/www.retros-gallery.com\/wp-content\/uploads\/2025\/04\/how-to-use-color-in-interior-design-1.jpg\" class=\"attachment-full size-full wp-image-8829\" alt=\"modul-de-utilizare-culoare-in-design-interior - Retros Gallery Magazine\" srcset=\"https:\/\/www.retros-gallery.com\/wp-content\/uploads\/2025\/04\/how-to-use-color-in-interior-design-1.jpg 1080w, https:\/\/www.retros-gallery.com\/wp-content\/uploads\/2025\/04\/how-to-use-color-in-interior-design-1-300x300.jpg 300w, https:\/\/www.retros-gallery.com\/wp-content\/uploads\/2025\/04\/how-to-use-color-in-interior-design-1-1024x1024.jpg 1024w, https:\/\/www.retros-gallery.com\/wp-content\/uploads\/2025\/04\/how-to-use-color-in-interior-design-1-150x150.jpg 150w, https:\/\/www.retros-gallery.com\/wp-content\/uploads\/2025\/04\/how-to-use-color-in-interior-design-1-768x768.jpg 768w, https:\/\/www.retros-gallery.com\/wp-content\/uploads\/2025\/04\/how-to-use-color-in-interior-design-1-12x12.jpg 12w, https:\/\/www.retros-gallery.com\/wp-content\/uploads\/2025\/04\/how-to-use-color-in-interior-design-1-600x600.jpg 600w, https:\/\/www.retros-gallery.com\/wp-content\/uploads\/2025\/04\/how-to-use-color-in-interior-design-1-100x100.jpg 100w\" sizes=\"(max-width: 1080px) 100vw, 1080px\" \/>\t\t\t\t\t\t\t\t\t\t\t\t\t\t\t<\/div>\n\t\t\t\t<\/div>\n\t\t\t\t\t<\/div>\n\t\t<\/div>\n\t\t\t\t<div class=\"has_eae_slider elementor-column elementor-col-50 elementor-top-column elementor-element elementor-element-10f2f3c\" data-eae-slider=\"68145\" data-id=\"10f2f3c\" data-element_type=\"column\">\n\t\t\t<div class=\"elementor-widget-wrap elementor-element-populated\">\n\t\t\t\t\t\t<div class=\"elementor-element elementor-element-db81f27 elementor-widget elementor-widget-heading\" data-id=\"db81f27\" data-element_type=\"widget\" data-widget_type=\"heading.default\">\n\t\t\t\t<div class=\"elementor-widget-container\">\n\t\t\t\t\t<h2 class=\"elementor-heading-title elementor-size-default\">1. Culoarea \u0219i starea de spirit\n<\/h2>\t\t\t\t<\/div>\n\t\t\t\t<\/div>\n\t\t\t\t<div class=\"elementor-element elementor-element-5312b35 elementor-widget elementor-widget-text-editor\" data-id=\"5312b35\" data-element_type=\"widget\" data-widget_type=\"text-editor.default\">\n\t\t\t\t<div class=\"elementor-widget-container\">\n\t\t\t\t\t\t\t\t\t<p>Fiecare nuan\u021b\u0103 poart\u0103 cu ea o stare, o vibra\u021bie. Alegerea corect\u0103 poate transforma complet atmosfera unui spa\u021biu:<\/p><ul><li><strong>Alb<\/strong> \u2013 puritate, claritate \u0219i minimalism.<\/li><li><strong>Galben<\/strong> \u2013 optimism \u0219i c\u0103ldur\u0103.<\/li><li><strong>Ro\u0219u<\/strong> \u2013 pasiune, intensitate \u0219i dramatism.<\/li><li><strong>Albastru pudrat<\/strong> \u2013 calm, echilibru, serenitate.<\/li><li><strong>Alb &amp; Negru<\/strong> \u2013 contrast atemporal, elegan\u021b\u0103 grafic\u0103 \u0219i rafinament.<\/li><\/ul>\t\t\t\t\t\t\t\t<\/div>\n\t\t\t\t<\/div>\n\t\t\t\t<div class=\"elementor-element elementor-element-55d0a58 elementor-widget elementor-widget-heading\" data-id=\"55d0a58\" data-element_type=\"widget\" data-widget_type=\"heading.default\">\n\t\t\t\t<div class=\"elementor-widget-container\">\n\t\t\t\t\t<h2 class=\"elementor-heading-title elementor-size-default\">2. Culoarea ca liant vizual<\/h2>\t\t\t\t<\/div>\n\t\t\t\t<\/div>\n\t\t\t\t<div class=\"elementor-element elementor-element-50b7552 elementor-widget elementor-widget-text-editor\" data-id=\"50b7552\" data-element_type=\"widget\" data-widget_type=\"text-editor.default\">\n\t\t\t\t<div class=\"elementor-widget-container\">\n\t\t\t\t\t\t\t\t\t<p>Vopseaua este unul dintre cele mai accesibile moduri de a schimba complet un interior. Fie c\u0103 este un perete accent sau o palet\u0103 complet\u0103, culoarea poate unifica spa\u021biul \u0219i \u00eei poate ad\u0103uga volum, textur\u0103 \u0219i identitate.<\/p>\t\t\t\t\t\t\t\t<\/div>\n\t\t\t\t<\/div>\n\t\t\t\t<div class=\"elementor-element elementor-element-c4629da elementor-widget elementor-widget-heading\" data-id=\"c4629da\" data-element_type=\"widget\" data-widget_type=\"heading.default\">\n\t\t\t\t<div class=\"elementor-widget-container\">\n\t\t\t\t\t<h2 class=\"elementor-heading-title elementor-size-default\">3. Lumina \u0219i percep\u021bia culorii<\/h2>\t\t\t\t<\/div>\n\t\t\t\t<\/div>\n\t\t\t\t<div class=\"elementor-element elementor-element-43cb745 elementor-widget elementor-widget-text-editor\" data-id=\"43cb745\" data-element_type=\"widget\" data-widget_type=\"text-editor.default\">\n\t\t\t\t<div class=\"elementor-widget-container\">\n\t\t\t\t\t\t\t\t\t<p class=\"western\">Lumina natural\u0103 sau artificial\u0103 influen\u021beaz\u0103 enorm percep\u021bia culorii. Un crem cald poate p\u0103rea neutru ziua \u0219i gri seara. De aceea, este important s\u0103 testezi mostrele de vopsea \u00een diferite momente ale zilei. Lumina \u0219i culoarea ar trebui s\u0103 func\u021bioneze \u00eempreun\u0103 pentru a crea efectul vizual dorit.<\/p>\t\t\t\t\t\t\t\t<\/div>\n\t\t\t\t<\/div>\n\t\t\t\t<div class=\"elementor-element elementor-element-a02e25f elementor-widget elementor-widget-heading\" data-id=\"a02e25f\" data-element_type=\"widget\" data-widget_type=\"heading.default\">\n\t\t\t\t<div class=\"elementor-widget-container\">\n\t\t\t\t\t<h2 class=\"elementor-heading-title elementor-size-default\">4. Inspir\u0103-te din garderoba ta<\/h2>\t\t\t\t<\/div>\n\t\t\t\t<\/div>\n\t\t\t\t<div class=\"elementor-element elementor-element-8a1c245 elementor-widget elementor-widget-text-editor\" data-id=\"8a1c245\" data-element_type=\"widget\" data-widget_type=\"text-editor.default\">\n\t\t\t\t<div class=\"elementor-widget-container\">\n\t\t\t\t\t\t\t\t\t<p class=\"western\">Dac\u0103 nu \u0219tii de unde s\u0103 \u00eencepi, uit\u0103-te \u00een propria garderob\u0103. Culorile pe care le por\u021bi cel mai des reflect\u0103 stilul t\u0103u. A\u0219az\u0103 c\u00e2teva piese colorate \u00eentr-un col\u021b \u0219i observ\u0103 cum te fac s\u0103 te sim\u021bi \u2013 casa ta merit\u0103 s\u0103 te reprezinte.<\/p>\t\t\t\t\t\t\t\t<\/div>\n\t\t\t\t<\/div>\n\t\t\t\t\t<\/div>\n\t\t<\/div>\n\t\t\t\t\t<\/div>\n\t\t<\/section>\n\t\t\t\t<section class=\"has_eae_slider elementor-section elementor-top-section elementor-element elementor-element-2645f3b elementor-reverse-mobile elementor-section-boxed elementor-section-height-default elementor-section-height-default\" data-eae-slider=\"13486\" data-id=\"2645f3b\" data-element_type=\"section\">\n\t\t\t\t\t\t<div class=\"elementor-container elementor-column-gap-default\">\n\t\t\t\t\t<div class=\"has_eae_slider elementor-column elementor-col-50 elementor-top-column elementor-element elementor-element-3e77e6e\" data-eae-slider=\"88051\" data-id=\"3e77e6e\" data-element_type=\"column\">\n\t\t\t<div class=\"elementor-widget-wrap elementor-element-populated\">\n\t\t\t\t\t\t<div class=\"elementor-element elementor-element-708774e elementor-widget elementor-widget-heading\" data-id=\"708774e\" data-element_type=\"widget\" data-widget_type=\"heading.default\">\n\t\t\t\t<div class=\"elementor-widget-container\">\n\t\t\t\t\t<h3 class=\"elementor-heading-title elementor-size-default\">G\u00e2nduri finale<\/h3>\t\t\t\t<\/div>\n\t\t\t\t<\/div>\n\t\t\t\t<div class=\"elementor-element elementor-element-35a543a elementor-widget elementor-widget-text-editor\" data-id=\"35a543a\" data-element_type=\"widget\" data-widget_type=\"text-editor.default\">\n\t\t\t\t<div class=\"elementor-widget-container\">\n\t\t\t\t\t\t\t\t\t<p>Nu exist\u0103 reguli rigide c\u00e2nd vine vorba de culoare. Experimenteaz\u0103. Descoper\u0103. Creeaz\u0103. Spa\u021biul t\u0103u ar trebui s\u0103 fie o reflec\u021bie a ceea ce e\u0219ti, ceva care s\u0103 <em data-start=\"2829\" data-end=\"2848\">te reprezinte cu adev\u0103rat<\/em>\u2014iar culoarea poate ajuta s\u0103 spui aceast\u0103 poveste.\u00a0<\/p><p class=\"\" data-start=\"2853\" data-end=\"2952\">Dac\u0103 preferi contrastele \u00eendr\u0103zne\u021be sau nuan\u021bele neutre \u0219i discrete, <strong data-start=\"2906\" data-end=\"2950\">culoarea contribuie la povestea casei tale.<\/strong><\/p><p class=\"\" data-start=\"2954\" data-end=\"3039\">\u00cencepe cu pa\u0219i mici, experimenteaz\u0103 cu \u00eencredere\u2014\u0219i las\u0103 paleta s\u0103 se dezv\u0103luie odat\u0103 cu personalitatea ta.<\/p>\t\t\t\t\t\t\t\t<\/div>\n\t\t\t\t<\/div>\n\t\t\t\t\t<\/div>\n\t\t<\/div>\n\t\t\t\t<div class=\"has_eae_slider elementor-column elementor-col-50 elementor-top-column elementor-element elementor-element-9d910f1\" data-eae-slider=\"21476\" data-id=\"9d910f1\" data-element_type=\"column\">\n\t\t\t<div class=\"elementor-widget-wrap elementor-element-populated\">\n\t\t\t\t\t\t<div class=\"elementor-element elementor-element-562ed31 elementor-widget elementor-widget-text-editor\" data-id=\"562ed31\" data-element_type=\"widget\" data-widget_type=\"text-editor.default\">\n\t\t\t\t<div class=\"elementor-widget-container\">\n\t\t\t\t\t\t\t\t\t<p class=\"western\">\u201eExist\u0103 mii de nuan\u021be de alb. Alegerea albului potrivit e uneori mai dificil\u0103 dec\u00e2t cea a unui albastru.\u201d\n\u2014 Kelly Wearstler, Designer de Interior<br \/>\u2014 Kelly Wearstler, designer de interior<\/p>\t\t\t\t\t\t\t\t<\/div>\n\t\t\t\t<\/div>\n\t\t\t\t\t<\/div>\n\t\t<\/div>\n\t\t\t\t\t<\/div>\n\t\t<\/section>\n\t\t\t\t<\/div>","protected":false},"excerpt":{"rendered":"<p>How to Use Color in Interior Design: From Mood to Personality Color is one of the most powerful elements in interior design. It shapes the atmosphere, defines style, and adds soul to a space. Without color, a room may look functional\u2014but feel emotionally flat. In this guide, we explore how to use color in interior [&hellip;]<\/p>","protected":false},"author":1,"featured_media":8867,"comment_status":"closed","ping_status":"open","sticky":false,"template":"","format":"standard","meta":{"footnotes":""},"categories":[187],"tags":[],"class_list":["post-8827","post","type-post","status-publish","format-standard","has-post-thumbnail","hentry","category-magazine"],"yoast_head":"<!-- This site is optimized with the Yoast SEO Premium plugin v24.6 (Yoast SEO v27.5) - https:\/\/yoast.com\/product\/yoast-seo-premium-wordpress\/ -->\n<title>Color in Interior Design | Mood &amp; Style Guide<\/title>\n<meta name=\"description\" content=\"Discover how to use color in interior design to reflect mood, create harmony, and personalize your space with timeless style and confidence.\" \/>\n<meta name=\"robots\" content=\"index, follow, max-snippet:-1, max-image-preview:large, max-video-preview:-1\" \/>\n<link rel=\"canonical\" href=\"https:\/\/www.retros-gallery.com\/ro\/culoare-design-interior\/\" \/>\n<meta property=\"og:locale\" content=\"ro_RO\" \/>\n<meta property=\"og:type\" content=\"article\" \/>\n<meta property=\"og:title\" content=\"How to Use Color in Interior Design: From Mood to Personality\" \/>\n<meta property=\"og:description\" content=\"Discover how to use color in interior design to reflect mood, create harmony, and personalize your space with timeless style and confidence.\" \/>\n<meta property=\"og:url\" content=\"https:\/\/www.retros-gallery.com\/ro\/culoare-design-interior\/\" \/>\n<meta property=\"og:site_name\" content=\"Retros Gallery\" \/>\n<meta property=\"article:publisher\" content=\"https:\/\/www.facebook.com\/retrosfurniture\/\" \/>\n<meta property=\"article:published_time\" content=\"2025-05-07T15:06:34+00:00\" \/>\n<meta property=\"article:modified_time\" content=\"2025-06-12T17:16:15+00:00\" \/>\n<meta property=\"og:image\" content=\"https:\/\/www.retros-gallery.com\/wp-content\/uploads\/2025\/05\/color-in-interior-design.jpg\" \/>\n\t<meta property=\"og:image:width\" content=\"1047\" \/>\n\t<meta property=\"og:image:height\" content=\"470\" \/>\n\t<meta property=\"og:image:type\" content=\"image\/jpeg\" \/>\n<meta name=\"author\" content=\"admin\" \/>\n<meta name=\"twitter:card\" content=\"summary_large_image\" \/>\n<meta name=\"twitter:label1\" content=\"Scris de\" \/>\n\t<meta name=\"twitter:data1\" content=\"admin\" \/>\n\t<meta name=\"twitter:label2\" content=\"Timp estimat pentru citire\" \/>\n\t<meta name=\"twitter:data2\" content=\"2 minute\" \/>\n<script type=\"application\/ld+json\" class=\"yoast-schema-graph\">{\"@context\":\"https:\\\/\\\/schema.org\",\"@graph\":[{\"@type\":\"Article\",\"@id\":\"https:\\\/\\\/www.retros-gallery.com\\\/color-in-interior-design\\\/#article\",\"isPartOf\":{\"@id\":\"https:\\\/\\\/www.retros-gallery.com\\\/color-in-interior-design\\\/\"},\"author\":{\"name\":\"admin\",\"@id\":\"https:\\\/\\\/www.retros-gallery.com\\\/#\\\/schema\\\/person\\\/19881ebab5eee000fab2ebdd159658f0\"},\"headline\":\"How to Use Color in Interior Design: From Mood to Personality\",\"datePublished\":\"2025-05-07T15:06:34+00:00\",\"dateModified\":\"2025-06-12T17:16:15+00:00\",\"mainEntityOfPage\":{\"@id\":\"https:\\\/\\\/www.retros-gallery.com\\\/color-in-interior-design\\\/\"},\"wordCount\":367,\"publisher\":{\"@id\":\"https:\\\/\\\/www.retros-gallery.com\\\/#organization\"},\"image\":{\"@id\":\"https:\\\/\\\/www.retros-gallery.com\\\/color-in-interior-design\\\/#primaryimage\"},\"thumbnailUrl\":\"https:\\\/\\\/www.retros-gallery.com\\\/wp-content\\\/uploads\\\/2025\\\/05\\\/color-in-interior-design.jpg\",\"articleSection\":[\"Magazine\"],\"inLanguage\":\"ro-RO\",\"copyrightYear\":\"2025\",\"copyrightHolder\":{\"@id\":\"https:\\\/\\\/www.retros-gallery.com\\\/ro\\\/#organization\"}},{\"@type\":\"WebPage\",\"@id\":\"https:\\\/\\\/www.retros-gallery.com\\\/color-in-interior-design\\\/\",\"url\":\"https:\\\/\\\/www.retros-gallery.com\\\/color-in-interior-design\\\/\",\"name\":\"Color in Interior Design | Mood & Style Guide\",\"isPartOf\":{\"@id\":\"https:\\\/\\\/www.retros-gallery.com\\\/#website\"},\"primaryImageOfPage\":{\"@id\":\"https:\\\/\\\/www.retros-gallery.com\\\/color-in-interior-design\\\/#primaryimage\"},\"image\":{\"@id\":\"https:\\\/\\\/www.retros-gallery.com\\\/color-in-interior-design\\\/#primaryimage\"},\"thumbnailUrl\":\"https:\\\/\\\/www.retros-gallery.com\\\/wp-content\\\/uploads\\\/2025\\\/05\\\/color-in-interior-design.jpg\",\"datePublished\":\"2025-05-07T15:06:34+00:00\",\"dateModified\":\"2025-06-12T17:16:15+00:00\",\"description\":\"Discover how to use color in interior design to reflect mood, create harmony, and personalize your space with timeless style and confidence.\",\"breadcrumb\":{\"@id\":\"https:\\\/\\\/www.retros-gallery.com\\\/color-in-interior-design\\\/#breadcrumb\"},\"inLanguage\":\"ro-RO\",\"potentialAction\":[{\"@type\":\"ReadAction\",\"target\":[\"https:\\\/\\\/www.retros-gallery.com\\\/color-in-interior-design\\\/\"]}]},{\"@type\":\"ImageObject\",\"inLanguage\":\"ro-RO\",\"@id\":\"https:\\\/\\\/www.retros-gallery.com\\\/color-in-interior-design\\\/#primaryimage\",\"url\":\"https:\\\/\\\/www.retros-gallery.com\\\/wp-content\\\/uploads\\\/2025\\\/05\\\/color-in-interior-design.jpg\",\"contentUrl\":\"https:\\\/\\\/www.retros-gallery.com\\\/wp-content\\\/uploads\\\/2025\\\/05\\\/color-in-interior-design.jpg\",\"width\":1047,\"height\":470,\"caption\":\"Color in interior design - banner\"},{\"@type\":\"BreadcrumbList\",\"@id\":\"https:\\\/\\\/www.retros-gallery.com\\\/color-in-interior-design\\\/#breadcrumb\",\"itemListElement\":[{\"@type\":\"ListItem\",\"position\":1,\"name\":\"Home\",\"item\":\"https:\\\/\\\/www.retros-gallery.com\\\/\"},{\"@type\":\"ListItem\",\"position\":2,\"name\":\"Magazine\",\"item\":\"https:\\\/\\\/www.retros-gallery.com\\\/magazine\\\/\"},{\"@type\":\"ListItem\",\"position\":3,\"name\":\"How to Use Color in Interior Design: From Mood to Personality\"}]},{\"@type\":\"WebSite\",\"@id\":\"https:\\\/\\\/www.retros-gallery.com\\\/#website\",\"url\":\"https:\\\/\\\/www.retros-gallery.com\\\/\",\"name\":\"Retros Gallery\",\"description\":\"Vintage Furniture Vendor\",\"publisher\":{\"@id\":\"https:\\\/\\\/www.retros-gallery.com\\\/#organization\"},\"potentialAction\":[{\"@type\":\"SearchAction\",\"target\":{\"@type\":\"EntryPoint\",\"urlTemplate\":\"https:\\\/\\\/www.retros-gallery.com\\\/?s={search_term_string}\"},\"query-input\":{\"@type\":\"PropertyValueSpecification\",\"valueRequired\":true,\"valueName\":\"search_term_string\"}}],\"inLanguage\":\"ro-RO\"},{\"@type\":[\"Organization\",\"Place\"],\"@id\":\"https:\\\/\\\/www.retros-gallery.com\\\/#organization\",\"name\":\"Retros Gallery\",\"url\":\"https:\\\/\\\/www.retros-gallery.com\\\/\",\"logo\":{\"@id\":\"https:\\\/\\\/www.retros-gallery.com\\\/color-in-interior-design\\\/#local-main-organization-logo\"},\"image\":{\"@id\":\"https:\\\/\\\/www.retros-gallery.com\\\/color-in-interior-design\\\/#local-main-organization-logo\"},\"sameAs\":[\"https:\\\/\\\/www.facebook.com\\\/retrosfurniture\\\/\",\"https:\\\/\\\/www.instagram.com\\\/retros.ro\\\/\"],\"telephone\":[],\"openingHoursSpecification\":[{\"@type\":\"OpeningHoursSpecification\",\"dayOfWeek\":[\"Monday\",\"Tuesday\",\"Wednesday\",\"Thursday\",\"Friday\",\"Saturday\",\"Sunday\"],\"opens\":\"09:00\",\"closes\":\"17:00\"}]},{\"@type\":\"Person\",\"@id\":\"https:\\\/\\\/www.retros-gallery.com\\\/#\\\/schema\\\/person\\\/19881ebab5eee000fab2ebdd159658f0\",\"name\":\"admin\",\"image\":{\"@type\":\"ImageObject\",\"inLanguage\":\"ro-RO\",\"@id\":\"https:\\\/\\\/www.retros-gallery.com\\\/wp-content\\\/litespeed\\\/avatar\\\/db53d4ca6d75380a4e1d0d6c0ba6594c.jpg?ver=1777438381\",\"url\":\"https:\\\/\\\/www.retros-gallery.com\\\/wp-content\\\/litespeed\\\/avatar\\\/db53d4ca6d75380a4e1d0d6c0ba6594c.jpg?ver=1777438381\",\"contentUrl\":\"https:\\\/\\\/www.retros-gallery.com\\\/wp-content\\\/litespeed\\\/avatar\\\/db53d4ca6d75380a4e1d0d6c0ba6594c.jpg?ver=1777438381\",\"caption\":\"admin\"},\"sameAs\":[\"https:\\\/\\\/www.retros-gallery.com\"],\"url\":\"https:\\\/\\\/www.retros-gallery.com\\\/ro\\\/author\\\/admin\\\/\"},{\"@type\":\"ImageObject\",\"inLanguage\":\"ro-RO\",\"@id\":\"https:\\\/\\\/www.retros-gallery.com\\\/color-in-interior-design\\\/#local-main-organization-logo\",\"url\":\"https:\\\/\\\/www.retros-gallery.com\\\/wp-content\\\/uploads\\\/2023\\\/02\\\/Asset-2@4x-1.png\",\"contentUrl\":\"https:\\\/\\\/www.retros-gallery.com\\\/wp-content\\\/uploads\\\/2023\\\/02\\\/Asset-2@4x-1.png\",\"width\":2329,\"height\":248,\"caption\":\"Retros Gallery\"}]}<\/script>\n<!-- \/ Yoast SEO Premium plugin. -->","yoast_head_json":{"title":"Culoarea \u00een designul interior | Ghid de atmosfer\u0103 &amp; stil","description":"Citeste despre: cum influenteaza culoarea in designul interior - starea de spirit si armonia spatiului. Ghid practic si inspirational oferit de Retros Magazine.","robots":{"index":"index","follow":"follow","max-snippet":"max-snippet:-1","max-image-preview":"max-image-preview:large","max-video-preview":"max-video-preview:-1"},"canonical":"https:\/\/www.retros-gallery.com\/ro\/culoare-design-interior\/","og_locale":"ro_RO","og_type":"article","og_title":"How to Use Color in Interior Design: From Mood to Personality","og_description":"Discover how to use color in interior design to reflect mood, create harmony, and personalize your space with timeless style and confidence.","og_url":"https:\/\/www.retros-gallery.com\/ro\/culoare-design-interior\/","og_site_name":"Retros Gallery","article_publisher":"https:\/\/www.facebook.com\/retrosfurniture\/","article_published_time":"2025-05-07T15:06:34+00:00","article_modified_time":"2025-06-12T17:16:15+00:00","og_image":[{"width":1047,"height":470,"url":"https:\/\/www.retros-gallery.com\/wp-content\/uploads\/2025\/05\/color-in-interior-design.jpg","type":"image\/jpeg"}],"author":"admin","twitter_card":"summary_large_image","twitter_misc":{"Scris de":"admin","Timp estimat pentru citire":"2 minute"},"schema":{"@context":"https:\/\/schema.org","@graph":[{"@type":"Article","@id":"https:\/\/www.retros-gallery.com\/color-in-interior-design\/#article","isPartOf":{"@id":"https:\/\/www.retros-gallery.com\/color-in-interior-design\/"},"author":{"name":"admin","@id":"https:\/\/www.retros-gallery.com\/#\/schema\/person\/19881ebab5eee000fab2ebdd159658f0"},"headline":"How to Use Color in Interior Design: From Mood to Personality","datePublished":"2025-05-07T15:06:34+00:00","dateModified":"2025-06-12T17:16:15+00:00","mainEntityOfPage":{"@id":"https:\/\/www.retros-gallery.com\/color-in-interior-design\/"},"wordCount":367,"publisher":{"@id":"https:\/\/www.retros-gallery.com\/#organization"},"image":{"@id":"https:\/\/www.retros-gallery.com\/color-in-interior-design\/#primaryimage"},"thumbnailUrl":"https:\/\/www.retros-gallery.com\/wp-content\/uploads\/2025\/05\/color-in-interior-design.jpg","articleSection":["Magazine"],"inLanguage":"ro-RO","copyrightYear":"2025","copyrightHolder":{"@id":"https:\/\/www.retros-gallery.com\/ro\/#organization"}},{"@type":"WebPage","@id":"https:\/\/www.retros-gallery.com\/color-in-interior-design\/","url":"https:\/\/www.retros-gallery.com\/color-in-interior-design\/","name":"Culoarea \u00een designul interior | Ghid de atmosfer\u0103 &amp; stil","isPartOf":{"@id":"https:\/\/www.retros-gallery.com\/#website"},"primaryImageOfPage":{"@id":"https:\/\/www.retros-gallery.com\/color-in-interior-design\/#primaryimage"},"image":{"@id":"https:\/\/www.retros-gallery.com\/color-in-interior-design\/#primaryimage"},"thumbnailUrl":"https:\/\/www.retros-gallery.com\/wp-content\/uploads\/2025\/05\/color-in-interior-design.jpg","datePublished":"2025-05-07T15:06:34+00:00","dateModified":"2025-06-12T17:16:15+00:00","description":"Citeste despre: cum influenteaza culoarea in designul interior - starea de spirit si armonia spatiului. Ghid practic si inspirational oferit de Retros Magazine.","breadcrumb":{"@id":"https:\/\/www.retros-gallery.com\/color-in-interior-design\/#breadcrumb"},"inLanguage":"ro-RO","potentialAction":[{"@type":"ReadAction","target":["https:\/\/www.retros-gallery.com\/color-in-interior-design\/"]}]},{"@type":"ImageObject","inLanguage":"ro-RO","@id":"https:\/\/www.retros-gallery.com\/color-in-interior-design\/#primaryimage","url":"https:\/\/www.retros-gallery.com\/wp-content\/uploads\/2025\/05\/color-in-interior-design.jpg","contentUrl":"https:\/\/www.retros-gallery.com\/wp-content\/uploads\/2025\/05\/color-in-interior-design.jpg","width":1047,"height":470,"caption":"Color in interior design - banner"},{"@type":"BreadcrumbList","@id":"https:\/\/www.retros-gallery.com\/color-in-interior-design\/#breadcrumb","itemListElement":[{"@type":"ListItem","position":1,"name":"Home","item":"https:\/\/www.retros-gallery.com\/"},{"@type":"ListItem","position":2,"name":"Magazine","item":"https:\/\/www.retros-gallery.com\/magazine\/"},{"@type":"ListItem","position":3,"name":"How to Use Color in Interior Design: From Mood to Personality"}]},{"@type":"WebSite","@id":"https:\/\/www.retros-gallery.com\/#website","url":"https:\/\/www.retros-gallery.com\/","name":"Retros Gallery","description":"V\u00e2nz\u0103tor de mobil\u0103 de epoc\u0103","publisher":{"@id":"https:\/\/www.retros-gallery.com\/#organization"},"potentialAction":[{"@type":"SearchAction","target":{"@type":"EntryPoint","urlTemplate":"https:\/\/www.retros-gallery.com\/?s={search_term_string}"},"query-input":{"@type":"PropertyValueSpecification","valueRequired":true,"valueName":"search_term_string"}}],"inLanguage":"ro-RO"},{"@type":["Organization","Place"],"@id":"https:\/\/www.retros-gallery.com\/#organization","name":"Retros Gallery","url":"https:\/\/www.retros-gallery.com\/","logo":{"@id":"https:\/\/www.retros-gallery.com\/color-in-interior-design\/#local-main-organization-logo"},"image":{"@id":"https:\/\/www.retros-gallery.com\/color-in-interior-design\/#local-main-organization-logo"},"sameAs":["https:\/\/www.facebook.com\/retrosfurniture\/","https:\/\/www.instagram.com\/retros.ro\/"],"telephone":[],"openingHoursSpecification":[{"@type":"OpeningHoursSpecification","dayOfWeek":["Monday","Tuesday","Wednesday","Thursday","Friday","Saturday","Sunday"],"opens":"09:00","closes":"17:00"}]},{"@type":"Person","@id":"https:\/\/www.retros-gallery.com\/#\/schema\/person\/19881ebab5eee000fab2ebdd159658f0","name":"admin","image":{"@type":"ImageObject","inLanguage":"ro-RO","@id":"https:\/\/www.retros-gallery.com\/wp-content\/litespeed\/avatar\/db53d4ca6d75380a4e1d0d6c0ba6594c.jpg?ver=1777438381","url":"https:\/\/www.retros-gallery.com\/wp-content\/litespeed\/avatar\/db53d4ca6d75380a4e1d0d6c0ba6594c.jpg?ver=1777438381","contentUrl":"https:\/\/www.retros-gallery.com\/wp-content\/litespeed\/avatar\/db53d4ca6d75380a4e1d0d6c0ba6594c.jpg?ver=1777438381","caption":"admin"},"sameAs":["https:\/\/www.retros-gallery.com"],"url":"https:\/\/www.retros-gallery.com\/ro\/author\/admin\/"},{"@type":"ImageObject","inLanguage":"ro-RO","@id":"https:\/\/www.retros-gallery.com\/color-in-interior-design\/#local-main-organization-logo","url":"https:\/\/www.retros-gallery.com\/wp-content\/uploads\/2023\/02\/Asset-2@4x-1.png","contentUrl":"https:\/\/www.retros-gallery.com\/wp-content\/uploads\/2023\/02\/Asset-2@4x-1.png","width":2329,"height":248,"caption":"Retros Gallery"}]}},"_links":{"self":[{"href":"https:\/\/www.retros-gallery.com\/ro\/wp-json\/wp\/v2\/posts\/8827","targetHints":{"allow":["GET"]}}],"collection":[{"href":"https:\/\/www.retros-gallery.com\/ro\/wp-json\/wp\/v2\/posts"}],"about":[{"href":"https:\/\/www.retros-gallery.com\/ro\/wp-json\/wp\/v2\/types\/post"}],"author":[{"embeddable":true,"href":"https:\/\/www.retros-gallery.com\/ro\/wp-json\/wp\/v2\/users\/1"}],"replies":[{"embeddable":true,"href":"https:\/\/www.retros-gallery.com\/ro\/wp-json\/wp\/v2\/comments?post=8827"}],"version-history":[{"count":23,"href":"https:\/\/www.retros-gallery.com\/ro\/wp-json\/wp\/v2\/posts\/8827\/revisions"}],"predecessor-version":[{"id":9446,"href":"https:\/\/www.retros-gallery.com\/ro\/wp-json\/wp\/v2\/posts\/8827\/revisions\/9446"}],"wp:featuredmedia":[{"embeddable":true,"href":"https:\/\/www.retros-gallery.com\/ro\/wp-json\/wp\/v2\/media\/8867"}],"wp:attachment":[{"href":"https:\/\/www.retros-gallery.com\/ro\/wp-json\/wp\/v2\/media?parent=8827"}],"wp:term":[{"taxonomy":"category","embeddable":true,"href":"https:\/\/www.retros-gallery.com\/ro\/wp-json\/wp\/v2\/categories?post=8827"},{"taxonomy":"post_tag","embeddable":true,"href":"https:\/\/www.retros-gallery.com\/ro\/wp-json\/wp\/v2\/tags?post=8827"}],"curies":[{"name":"wp","href":"https:\/\/api.w.org\/{rel}","templated":true}]}}